{"id":4056,"date":"2022-02-22T13:55:46","date_gmt":"2022-02-22T12:55:46","guid":{"rendered":"https:\/\/www.toys4vip.com\/?p=4056"},"modified":"2022-02-22T13:59:05","modified_gmt":"2022-02-22T12:59:05","slug":"interview-de-jan-stuhn-directeur-des-ventes-pour-sonic-chair","status":"publish","type":"post","link":"https:\/\/www.toys4vip.com\/fr\/interview-de-jan-stuhn-directeur-des-ventes-pour-sonic-chair\/","title":{"rendered":"INTERVIEW DE JAN ST\u00dcHN, DIRECTEUR DES VENTES POUR SONIC CHAIR"},"content":{"rendered":"\n<p><strong>-Comment est n\u00e9e cette id\u00e9e ? Et combien de temps faut-il pour r\u00e9aliser ce produit ?<\/strong><\/p>\n\n\n\n<p>La chaise sonore a \u00e9t\u00e9 d\u00e9velopp\u00e9 par les designers ind\u00e9pendant Holger Fritzlar et Michael Kientzler \u00e0 la suite d&rsquo;un projet par Holger Fritzlar. Son client avait besoin de mobilier d&rsquo;assise acoustique dans un espace public qui ne perturbe pas les autres. Les premiers prototypes ont \u00e9t\u00e9 construits en 2006. D\u00e9but 2007, nous avons introduit la premi\u00e8re chaise sonique \u00e0 IMM Cologne et a re\u00e7u le prix du design de reddot. En 2008, la production en s\u00e9rie de SC01 a commenc\u00e9. Depuis le d\u00e9but de 2016, nous vendons SC3.1<\/p>\n\n\n\n<p><strong>-Y-a t-il des pays avec plus d&rsquo;enthousiasme pour ce produit ?<\/strong><\/p>\n\n\n\n<p>Nous distribuons directement dans le monde entier et avons \u00e9quip\u00e9 les clients du Canada en Am\u00e9rique du Sud en Australie. Mais le principal march\u00e9 est l&rsquo;Allemagne, la France et les Pays-Bas.<\/p>\n\n\n\n<p><strong>-Pouvez-vous nous dire quelques mots sur les diff\u00e9rents mod\u00e8les de chaise sonique et gamme de prix ?<\/strong><\/p>\n\n\n\n<p>Chaque chaise sonique est fabriqu\u00e9e \u00e0 la main selon le choix des clients. Le syst\u00e8me sonore int\u00e9gr\u00e9 est toujours identique. Mais notre client peut choisir la sellerie ext\u00e9rieure \u00e9tant cuir semi-aniline prime ou cuir artificiel. La tapisserie d&rsquo;ameublement int\u00e9rieur est disponible en 39 couleurs diff\u00e9rentes. Comme caract\u00e9ristique suppl\u00e9mentaire, nos clients peuvent choisir diff\u00e9rents accessoires comme un iPad mont\u00e9 dans un ch\u00e2ssis solide fabriqu\u00e9 \u00e0 partir anodis\u00e9 et aluminium chrom\u00e9 ou un Apple iMac avec \u00e9cran tactile. Nous offrons \u00e9galement un son sans fil par Bluetooth ou syncronice\u00ae. Les prix varient de 9910 \u20ac \u00e0 18.930 \u20ac.<\/p>\n\n\n\n<p><strong>-Quel est votre vision pour l&rsquo;avenir ?<\/strong><\/p>\n\n\n\n<p>Pour vendre une chaise sonore \u00e0 tout le monde sur la plan\u00e8te qui est dans le besoin pour une \u00eele acoustique avec des performances sonores exceptionnelles et le design prim\u00e9.<\/p>\n\n\n\n<p><\/p>\n","protected":false},"excerpt":{"rendered":"<p>-Comment est n\u00e9e cette id\u00e9e ? Et combien de temps faut-il pour r\u00e9aliser ce produit ? La chaise sonore a \u00e9t\u00e9 d\u00e9velopp\u00e9 par les designers ind\u00e9pendant Holger Fritzlar et Michael Kientzler \u00e0 la suite d&rsquo;un projet par Holger Fritzlar. Son client avait besoin de mobilier d&rsquo;assise acoustique dans un espace public qui ne perturbe pas [&hellip;]<\/p>\n","protected":false},"author":2,"featured_media":0,"comment_status":"open","ping_status":"open","sticky":false,"template":"","format":"standard","meta":[],"categories":[112],"tags":[],"yoast_head":"<!-- This site is optimized with the Yoast SEO plugin v17.4 - https:\/\/yoast.com\/wordpress\/plugins\/seo\/ -->\n<title>INTERVIEW DE JAN ST\u00dcHN, DIRECTEUR DES VENTES POUR SONIC CHAIR - Toys4Vip<\/title>\n<meta name=\"robots\" content=\"index, follow, max-snippet:-1, max-image-preview:large, max-video-preview:-1\" \/>\n<link rel=\"canonical\" href=\"https:\/\/www.toys4vip.com\/fr\/interview-de-jan-stuhn-directeur-des-ventes-pour-sonic-chair\/\" \/>\n<meta property=\"og:locale\" content=\"fr_FR\" \/>\n<meta property=\"og:type\" content=\"article\" \/>\n<meta property=\"og:title\" content=\"INTERVIEW DE JAN ST\u00dcHN, DIRECTEUR DES VENTES POUR SONIC CHAIR - Toys4Vip\" \/>\n<meta property=\"og:description\" content=\"-Comment est n\u00e9e cette id\u00e9e ? Et combien de temps faut-il pour r\u00e9aliser ce produit ? La chaise sonore a \u00e9t\u00e9 d\u00e9velopp\u00e9 par les designers ind\u00e9pendant Holger Fritzlar et Michael Kientzler \u00e0 la suite d&rsquo;un projet par Holger Fritzlar. Son client avait besoin de mobilier d&rsquo;assise acoustique dans un espace public qui ne perturbe pas [&hellip;]\" \/>\n<meta property=\"og:url\" content=\"https:\/\/www.toys4vip.com\/fr\/interview-de-jan-stuhn-directeur-des-ventes-pour-sonic-chair\/\" \/>\n<meta property=\"og:site_name\" content=\"Toys4Vip\" \/>\n<meta property=\"article:published_time\" content=\"2022-02-22T12:55:46+00:00\" \/>\n<meta property=\"article:modified_time\" content=\"2022-02-22T12:59:05+00:00\" \/>\n<meta name=\"twitter:card\" content=\"summary_large_image\" \/>\n<meta name=\"twitter:label1\" content=\"\u00c9crit par\" \/>\n\t<meta name=\"twitter:data1\" content=\"Alexandre Sarver\" \/>\n\t<meta name=\"twitter:label2\" content=\"Dur\u00e9e de lecture est.\" \/>\n\t<meta name=\"twitter:data2\" content=\"2 minutes\" \/>\n<script type=\"application\/ld+json\" class=\"yoast-schema-graph\">{\"@context\":\"https:\/\/schema.org\",\"@graph\":[{\"@type\":\"WebSite\",\"@id\":\"https:\/\/www.toys4vip.com\/fr\/#website\",\"url\":\"https:\/\/www.toys4vip.com\/fr\/\",\"name\":\"Toys4Vip\",\"description\":\"Jouets de luxe nouveau concept store\",\"potentialAction\":[{\"@type\":\"SearchAction\",\"target\":{\"@type\":\"EntryPoint\",\"urlTemplate\":\"https:\/\/www.toys4vip.com\/fr\/?s={search_term_string}\"},\"query-input\":\"required name=search_term_string\"}],\"inLanguage\":\"fr-FR\"},{\"@type\":\"WebPage\",\"@id\":\"https:\/\/www.toys4vip.com\/fr\/interview-de-jan-stuhn-directeur-des-ventes-pour-sonic-chair\/#webpage\",\"url\":\"https:\/\/www.toys4vip.com\/fr\/interview-de-jan-stuhn-directeur-des-ventes-pour-sonic-chair\/\",\"name\":\"INTERVIEW DE JAN ST\\u00dcHN, DIRECTEUR DES VENTES POUR SONIC CHAIR - Toys4Vip\",\"isPartOf\":{\"@id\":\"https:\/\/www.toys4vip.com\/fr\/#website\"},\"datePublished\":\"2022-02-22T12:55:46+00:00\",\"dateModified\":\"2022-02-22T12:59:05+00:00\",\"author\":{\"@id\":\"https:\/\/www.toys4vip.com\/fr\/#\/schema\/person\/b8d35a7b7b7d95bb64e4089a4693ed88\"},\"breadcrumb\":{\"@id\":\"https:\/\/www.toys4vip.com\/fr\/interview-de-jan-stuhn-directeur-des-ventes-pour-sonic-chair\/#breadcrumb\"},\"inLanguage\":\"fr-FR\",\"potentialAction\":[{\"@type\":\"ReadAction\",\"target\":[\"https:\/\/www.toys4vip.com\/fr\/interview-de-jan-stuhn-directeur-des-ventes-pour-sonic-chair\/\"]}]},{\"@type\":\"BreadcrumbList\",\"@id\":\"https:\/\/www.toys4vip.com\/fr\/interview-de-jan-stuhn-directeur-des-ventes-pour-sonic-chair\/#breadcrumb\",\"itemListElement\":[{\"@type\":\"ListItem\",\"position\":1,\"name\":\"Home\",\"item\":\"https:\/\/www.toys4vip.com\/fr\/\"},{\"@type\":\"ListItem\",\"position\":2,\"name\":\"INTERVIEW DE JAN ST\\u00dcHN, DIRECTEUR DES VENTES POUR SONIC CHAIR\"}]},{\"@type\":\"Person\",\"@id\":\"https:\/\/www.toys4vip.com\/fr\/#\/schema\/person\/b8d35a7b7b7d95bb64e4089a4693ed88\",\"name\":\"Alexandre Sarver\",\"image\":{\"@type\":\"ImageObject\",\"@id\":\"https:\/\/www.toys4vip.com\/fr\/#personlogo\",\"inLanguage\":\"fr-FR\",\"url\":\"https:\/\/secure.gravatar.com\/avatar\/36ac90d2b9bc88e3a24203d6fc70efb2?s=96&d=mm&r=g\",\"contentUrl\":\"https:\/\/secure.gravatar.com\/avatar\/36ac90d2b9bc88e3a24203d6fc70efb2?s=96&d=mm&r=g\",\"caption\":\"Alexandre Sarver\"},\"url\":\"https:\/\/www.toys4vip.com\/fr\/author\/asarver\/\"}]}<\/script>\n<!-- \/ Yoast SEO plugin. -->","yoast_head_json":{"title":"INTERVIEW DE JAN ST\u00dcHN, DIRECTEUR DES VENTES POUR SONIC CHAIR - Toys4Vip","robots":{"index":"index","follow":"follow","max-snippet":"max-snippet:-1","max-image-preview":"max-image-preview:large","max-video-preview":"max-video-preview:-1"},"canonical":"https:\/\/www.toys4vip.com\/fr\/interview-de-jan-stuhn-directeur-des-ventes-pour-sonic-chair\/","og_locale":"fr_FR","og_type":"article","og_title":"INTERVIEW DE JAN ST\u00dcHN, DIRECTEUR DES VENTES POUR SONIC CHAIR - Toys4Vip","og_description":"-Comment est n\u00e9e cette id\u00e9e ? Et combien de temps faut-il pour r\u00e9aliser ce produit ? La chaise sonore a \u00e9t\u00e9 d\u00e9velopp\u00e9 par les designers ind\u00e9pendant Holger Fritzlar et Michael Kientzler \u00e0 la suite d&rsquo;un projet par Holger Fritzlar. Son client avait besoin de mobilier d&rsquo;assise acoustique dans un espace public qui ne perturbe pas [&hellip;]","og_url":"https:\/\/www.toys4vip.com\/fr\/interview-de-jan-stuhn-directeur-des-ventes-pour-sonic-chair\/","og_site_name":"Toys4Vip","article_published_time":"2022-02-22T12:55:46+00:00","article_modified_time":"2022-02-22T12:59:05+00:00","twitter_card":"summary_large_image","twitter_misc":{"\u00c9crit par":"Alexandre Sarver","Dur\u00e9e de lecture est.":"2 minutes"},"schema":{"@context":"https:\/\/schema.org","@graph":[{"@type":"WebSite","@id":"https:\/\/www.toys4vip.com\/fr\/#website","url":"https:\/\/www.toys4vip.com\/fr\/","name":"Toys4Vip","description":"Jouets de luxe nouveau concept store","potentialAction":[{"@type":"SearchAction","target":{"@type":"EntryPoint","urlTemplate":"https:\/\/www.toys4vip.com\/fr\/?s={search_term_string}"},"query-input":"required name=search_term_string"}],"inLanguage":"fr-FR"},{"@type":"WebPage","@id":"https:\/\/www.toys4vip.com\/fr\/interview-de-jan-stuhn-directeur-des-ventes-pour-sonic-chair\/#webpage","url":"https:\/\/www.toys4vip.com\/fr\/interview-de-jan-stuhn-directeur-des-ventes-pour-sonic-chair\/","name":"INTERVIEW DE JAN ST\u00dcHN, DIRECTEUR DES VENTES POUR SONIC CHAIR - Toys4Vip","isPartOf":{"@id":"https:\/\/www.toys4vip.com\/fr\/#website"},"datePublished":"2022-02-22T12:55:46+00:00","dateModified":"2022-02-22T12:59:05+00:00","author":{"@id":"https:\/\/www.toys4vip.com\/fr\/#\/schema\/person\/b8d35a7b7b7d95bb64e4089a4693ed88"},"breadcrumb":{"@id":"https:\/\/www.toys4vip.com\/fr\/interview-de-jan-stuhn-directeur-des-ventes-pour-sonic-chair\/#breadcrumb"},"inLanguage":"fr-FR","potentialAction":[{"@type":"ReadAction","target":["https:\/\/www.toys4vip.com\/fr\/interview-de-jan-stuhn-directeur-des-ventes-pour-sonic-chair\/"]}]},{"@type":"BreadcrumbList","@id":"https:\/\/www.toys4vip.com\/fr\/interview-de-jan-stuhn-directeur-des-ventes-pour-sonic-chair\/#breadcrumb","itemListElement":[{"@type":"ListItem","position":1,"name":"Home","item":"https:\/\/www.toys4vip.com\/fr\/"},{"@type":"ListItem","position":2,"name":"INTERVIEW DE JAN ST\u00dcHN, DIRECTEUR DES VENTES POUR SONIC CHAIR"}]},{"@type":"Person","@id":"https:\/\/www.toys4vip.com\/fr\/#\/schema\/person\/b8d35a7b7b7d95bb64e4089a4693ed88","name":"Alexandre Sarver","image":{"@type":"ImageObject","@id":"https:\/\/www.toys4vip.com\/fr\/#personlogo","inLanguage":"fr-FR","url":"https:\/\/secure.gravatar.com\/avatar\/36ac90d2b9bc88e3a24203d6fc70efb2?s=96&d=mm&r=g","contentUrl":"https:\/\/secure.gravatar.com\/avatar\/36ac90d2b9bc88e3a24203d6fc70efb2?s=96&d=mm&r=g","caption":"Alexandre Sarver"},"url":"https:\/\/www.toys4vip.com\/fr\/author\/asarver\/"}]}},"_links":{"self":[{"href":"https:\/\/www.toys4vip.com\/fr\/wp-json\/wp\/v2\/posts\/4056"}],"collection":[{"href":"https:\/\/www.toys4vip.com\/fr\/wp-json\/wp\/v2\/posts"}],"about":[{"href":"https:\/\/www.toys4vip.com\/fr\/wp-json\/wp\/v2\/types\/post"}],"author":[{"embeddable":true,"href":"https:\/\/www.toys4vip.com\/fr\/wp-json\/wp\/v2\/users\/2"}],"replies":[{"embeddable":true,"href":"https:\/\/www.toys4vip.com\/fr\/wp-json\/wp\/v2\/comments?post=4056"}],"version-history":[{"count":1,"href":"https:\/\/www.toys4vip.com\/fr\/wp-json\/wp\/v2\/posts\/4056\/revisions"}],"predecessor-version":[{"id":4057,"href":"https:\/\/www.toys4vip.com\/fr\/wp-json\/wp\/v2\/posts\/4056\/revisions\/4057"}],"wp:attachment":[{"href":"https:\/\/www.toys4vip.com\/fr\/wp-json\/wp\/v2\/media?parent=4056"}],"wp:term":[{"taxonomy":"category","embeddable":true,"href":"https:\/\/www.toys4vip.com\/fr\/wp-json\/wp\/v2\/categories?post=4056"},{"taxonomy":"post_tag","embeddable":true,"href":"https:\/\/www.toys4vip.com\/fr\/wp-json\/wp\/v2\/tags?post=4056"}],"curies":[{"name":"wp","href":"https:\/\/api.w.org\/{rel}","templated":true}]}}